{"id":531,"date":"2020-11-22T00:12:23","date_gmt":"2020-11-21T22:12:23","guid":{"rendered":"https:\/\/mediaplannerblog.com\/?p=531"},"modified":"2023-08-05T09:50:11","modified_gmt":"2023-08-05T07:50:11","slug":"sta-mozete-procitati-u-ovom-blogu","status":"publish","type":"post","link":"https:\/\/mediaplannerblog.com\/sr\/blog\/marketing-mediji\/sta-mozete-procitati-u-ovom-blogu\/","title":{"rendered":"\u0160ta mo\u017eete pro\u010ditati u ovom blogu?"},"content":{"rendered":"<div style=\"height:80px\" aria-hidden=\"true\" class=\"wp-block-spacer\"><\/div>\n\n\n\n<h2 class=\"wp-block-heading\">Dobrodo\u0161li!&nbsp;<\/h2>\n\n\n\n<div style=\"height:10px\" aria-hidden=\"true\" class=\"wp-block-spacer\"><\/div>\n\n\n\n<p class=\"has-text-align-justify\">Ovaj blog je pokrenut sa idejom da&nbsp;pokrije \u0161irok dijapazon tema&nbsp;iz oblasti medija,&nbsp;marketinga&nbsp;i ecommerce. Trudi\u0107u se da oblasti koje budem obra\u0111ivao&nbsp;budu dovoljno interesantne za nekog ko je tek krenuo da se bavi ovim, kao i za nekog ko je iskusniji i \u017eeli da \u010duje i&nbsp;tu\u0111e mi\u0161ljenje&nbsp;o odre\u0111enoj temi&nbsp;i sazna kakva su njegova iskustva.<\/p>\n\n\n\n<p class=\"has-text-align-justify\">U slu\u010daju da ste&nbsp;se ikada zapitali kako funkcioni\u0161e ogla\u0161avanje na TV ili nekom drugom mediju,&nbsp;kako funkcioni\u0161e&nbsp;media&nbsp;buying,&nbsp;kako kreirati efikasnu kampanju ili \u0161ta zna\u010de svi ti izrazi AMR, GRP, CPC, CPM,&nbsp;Reach,&nbsp;CRO,&nbsp;verujem da&nbsp;\u0107ete&nbsp;odgovor&nbsp;na\u0107i u ovom blogu. Moj zadatak \u0107e biti&nbsp;da se potrudim da&nbsp;vam ovu tematiku pribli\u017eim \u0161to je vi\u0161e mogu\u0107e.<\/p>\n\n\n\n<p class=\"has-text-align-justify\">S obzirom da se ve\u0107 poslednjih nekoliko godina uglavnom bavim&nbsp;online, internet marketingom i ecommerce,&nbsp;teme iz ovih oblasti \u0107e biti i najzastupljenije. Dodatni razlog je i taj \u0161to&nbsp;su ovo oblasti koje mene li\u010dno najvi\u0161e zanimaju.&nbsp;Verujem da \u0107e&nbsp;ova tematika&nbsp;imati sve ve\u0107i zna\u010daj&nbsp;u budu\u0107em periodu, ako ve\u0107 i nije&nbsp;uveliko&nbsp;u fokusu&nbsp;za svakog&nbsp;ko&nbsp;je u ovoj industriji&nbsp;ili \u017eeli da se bavim ovim.<\/p>\n\n\n\n<p class=\"has-text-align-justify\">Moj osvrt na&nbsp;offline&nbsp;medije&nbsp;(TV, print, radio, OOH; mada je vi\u0161e diskutabilno da li se&nbsp;mediji mogu tako deliti s obzirom na razvoj tehnologije)&nbsp;\u0107e uglavnom biti edukativnog karaktera. Kroz ove&nbsp;postove&nbsp;\u0107u&nbsp;poku\u0161ati da&nbsp;pru\u017eim \u0161to vi\u0161e korisnih informacija&nbsp;nekome ko je tek krenuo da se bavi ovim.&nbsp;Trudi\u0107u se&nbsp;da&nbsp;pru\u017eim isti&nbsp;nivo podr\u0161ke koju sam ja imao kada sam krenuo da se bavim&nbsp;medijima i marketingom.<\/p>\n\n\n\n<p class=\"has-text-align-justify\">\u0160to se ti\u010de&nbsp;online&nbsp;medija, kao \u0161to sam ve\u0107 napomenuo,&nbsp;blog \u0107e se vi\u0161e fokusirati ne teme vezane za ovu oblast.&nbsp;Ukoliko&nbsp;\u017eelita&nbsp;da saznate kako da krenete sa ogla\u0161avanjem na <a href=\"https:\/\/www.facebook.com\/business\/ads\" target=\"_blank\" rel=\"noreferrer noopener\">Facebook<\/a> i <a href=\"https:\/\/ads.google.com\/intl\/en_uk\/home\/\" target=\"_blank\" rel=\"noreferrer noopener\">Google<\/a>&nbsp;i kako da iskoristite njihov pun potencijal, kako da pratite rezultate&nbsp;va\u0161ih&nbsp;kampanja,&nbsp;kako da&nbsp;unapredite&nbsp;internet marketing&nbsp;i jo\u0161 mnogo toga,&nbsp;verujem da \u0107e ovaj blog ispuniti va\u0161a o\u010dekivanja.&nbsp;<\/p>\n\n\n\n<p class=\"has-text-align-justify\">Zanima vas kako da krenete sa internet prodajom, pokrenete ecommerce ili startujete dropshipping uslugu, bi\u0107e i o tome re\u010di. Prene\u0107u vam svoje vi\u0111enje i ove tematike, kao i koji su izazovi i gre\u0161ke sa kojima sam se ja susretao i kako da ih izbegnete.<\/p>\n\n\n\n<p class=\"has-text-align-justify\">Na kraju bih vas&nbsp;zamolio da izdvojite malo svog vremena i pro\u010ditate&nbsp;neki od mojih postova. Mo\u017eete ih videti <strong><em><a href=\"https:\/\/mediaplannerblog.com\/blog\/\" target=\"_blank\" rel=\"noreferrer noopener\"><span class=\"has-inline-color has-theme-primary-color\">OVDE<\/span><\/a><\/em><\/strong>. Svaki konstruktivan savet, komentar i kritika je dobrodo\u0161la.&nbsp;Unapred se&nbsp;radujem na\u0161em dru\u017eenju i&nbsp;u\u017eivajte!<\/p>","protected":false},"excerpt":{"rendered":"<p>Dobrodo\u0161li u mediaplannerblog! Blog namenjen svima onima koje zanimaju mediji, ogla\u0161avanje, marketing i ecommerce. <\/p>","protected":false},"author":2,"featured_media":522,"comment_status":"closed","ping_status":"open","sticky":false,"template":"","format":"standard","meta":{"_genesis_hide_title":false,"_genesis_hide_breadcrumbs":false,"_genesis_hide_singular_image":false,"_genesis_hide_footer_widgets":false,"_genesis_custom_body_class":"","_genesis_custom_post_class":"yes-anydo","_genesis_layout":"full-width-content","footnotes":""},"categories":[6,1],"tags":[],"class_list":{"0":"post-531","1":"post","2":"type-post","3":"status-publish","4":"format-standard","5":"has-post-thumbnail","7":"category-marketing-mediji","8":"category-blog","9":"entry","10":"yes-anydo"},"yoast_head":"<!-- This site is optimized with the Yoast SEO plugin v27.4 - https:\/\/yoast.com\/product\/yoast-seo-wordpress\/ -->\n<title>\u0160ta mo\u017eete pro\u010ditati u ovom blogu? - mediaplannerblog<\/title>\n<meta name=\"description\" content=\"Dobrodo\u0161li u mediaplannerblog! Blog namenjen svima onima koje zanimaju mediji, ogla\u0161avanje, marketing i ecommerce.\" \/>\n<meta name=\"robots\" content=\"noindex, nofollow\" \/>\n<meta property=\"og:locale\" content=\"sr_RS\" \/>\n<meta property=\"og:type\" content=\"article\" \/>\n<meta property=\"og:title\" content=\"\u0160ta mo\u017eete pro\u010ditati u ovom blogu? - mediaplannerblog\" \/>\n<meta property=\"og:description\" content=\"Dobrodo\u0161li u mediaplannerblog! Blog namenjen svima onima koje zanimaju mediji, ogla\u0161avanje, marketing i ecommerce.\" \/>\n<meta property=\"og:url\" content=\"https:\/\/mediaplannerblog.com\/sr\/blog\/marketing-mediji\/sta-mozete-procitati-u-ovom-blogu\/\" \/>\n<meta property=\"og:site_name\" content=\"mediaplannerblog\" \/>\n<meta property=\"article:publisher\" content=\"https:\/\/www.facebook.com\/mediaplannerblog\" \/>\n<meta property=\"article:author\" content=\"https:\/\/www.facebook.com\/pedja1904\/\" \/>\n<meta property=\"article:published_time\" content=\"2020-11-21T22:12:23+00:00\" \/>\n<meta property=\"article:modified_time\" content=\"2023-08-05T07:50:11+00:00\" \/>\n<meta property=\"og:image\" content=\"https:\/\/mediaplannerblog.com\/wp-content\/uploads\/2020\/11\/coffee_notebook_glasses_laptop.jpg\" \/>\n\t<meta property=\"og:image:width\" content=\"1200\" \/>\n\t<meta property=\"og:image:height\" content=\"600\" \/>\n\t<meta property=\"og:image:type\" content=\"image\/jpeg\" \/>\n<meta name=\"author\" content=\"Predrag Aran\u0111elovi\u0107\" \/>\n<meta name=\"twitter:card\" content=\"summary_large_image\" \/>\n<meta name=\"twitter:title\" content=\"\u0160ta mo\u017eete pro\u010ditati u ovom blogu? - mediaplannerblog\" \/>\n<meta name=\"twitter:description\" content=\"Dobrodo\u0161li u mediaplannerblog! Blog namenjen svima onima koje zanimaju mediji, ogla\u0161avanje, marketing i ecommerce.\" \/>\n<meta name=\"twitter:image\" content=\"https:\/\/mediaplannerblog.com\/wp-content\/uploads\/2020\/11\/coffee_notebook_glasses_laptop.jpg\" \/>\n<meta name=\"twitter:creator\" content=\"@pedja1904\" \/>\n<meta name=\"twitter:label1\" content=\"\u041d\u0430\u043f\u0438\u0441\u0430\u043d\u043e \u043e\u0434\" \/>\n\t<meta name=\"twitter:data1\" content=\"Predrag Aran\u0111elovi\u0107\" \/>\n\t<meta name=\"twitter:label2\" content=\"\u041f\u0440\u043e\u0446\u0435\u045a\u0435\u043d\u043e \u0432\u0440\u0435\u043c\u0435 \u0447\u0438\u0442\u0430\u045a\u0430\" \/>\n\t<meta name=\"twitter:data2\" content=\"2 \u043c\u0438\u043d\u0443\u0442\u0430\" \/>\n<script type=\"application\/ld+json\" class=\"yoast-schema-graph\">{\"@context\":\"https:\\\/\\\/schema.org\",\"@graph\":[{\"@type\":\"Article\",\"@id\":\"https:\\\/\\\/mediaplannerblog.com\\\/blog\\\/marketing-mediji\\\/sta-mozete-procitati-u-ovom-blogu\\\/#article\",\"isPartOf\":{\"@id\":\"https:\\\/\\\/mediaplannerblog.com\\\/blog\\\/marketing-mediji\\\/sta-mozete-procitati-u-ovom-blogu\\\/\"},\"author\":{\"name\":\"Predrag Aran\u0111elovi\u0107\",\"@id\":\"https:\\\/\\\/mediaplannerblog.com\\\/#\\\/schema\\\/person\\\/5267fa2389bb40589f258fec320c5ace\"},\"headline\":\"\u0160ta mo\u017eete pro\u010ditati u ovom blogu?\",\"datePublished\":\"2020-11-21T22:12:23+00:00\",\"dateModified\":\"2023-08-05T07:50:11+00:00\",\"mainEntityOfPage\":{\"@id\":\"https:\\\/\\\/mediaplannerblog.com\\\/blog\\\/marketing-mediji\\\/sta-mozete-procitati-u-ovom-blogu\\\/\"},\"wordCount\":525,\"publisher\":{\"@id\":\"https:\\\/\\\/mediaplannerblog.com\\\/#organization\"},\"image\":{\"@id\":\"https:\\\/\\\/mediaplannerblog.com\\\/blog\\\/marketing-mediji\\\/sta-mozete-procitati-u-ovom-blogu\\\/#primaryimage\"},\"thumbnailUrl\":\"https:\\\/\\\/mediaplannerblog.com\\\/wp-content\\\/uploads\\\/2020\\\/11\\\/coffee_notebook_glasses_laptop.jpg\",\"articleSection\":[\"Marketing &amp; Mediji\",\"Uncategorized\"],\"inLanguage\":\"sr-RS\"},{\"@type\":\"WebPage\",\"@id\":\"https:\\\/\\\/mediaplannerblog.com\\\/blog\\\/marketing-mediji\\\/sta-mozete-procitati-u-ovom-blogu\\\/\",\"url\":\"https:\\\/\\\/mediaplannerblog.com\\\/blog\\\/marketing-mediji\\\/sta-mozete-procitati-u-ovom-blogu\\\/\",\"name\":\"\u0160ta mo\u017eete pro\u010ditati u ovom blogu? - mediaplannerblog\",\"isPartOf\":{\"@id\":\"https:\\\/\\\/mediaplannerblog.com\\\/#website\"},\"primaryImageOfPage\":{\"@id\":\"https:\\\/\\\/mediaplannerblog.com\\\/blog\\\/marketing-mediji\\\/sta-mozete-procitati-u-ovom-blogu\\\/#primaryimage\"},\"image\":{\"@id\":\"https:\\\/\\\/mediaplannerblog.com\\\/blog\\\/marketing-mediji\\\/sta-mozete-procitati-u-ovom-blogu\\\/#primaryimage\"},\"thumbnailUrl\":\"https:\\\/\\\/mediaplannerblog.com\\\/wp-content\\\/uploads\\\/2020\\\/11\\\/coffee_notebook_glasses_laptop.jpg\",\"datePublished\":\"2020-11-21T22:12:23+00:00\",\"dateModified\":\"2023-08-05T07:50:11+00:00\",\"description\":\"Dobrodo\u0161li u mediaplannerblog! Blog namenjen svima onima koje zanimaju mediji, ogla\u0161avanje, marketing i ecommerce.\",\"breadcrumb\":{\"@id\":\"https:\\\/\\\/mediaplannerblog.com\\\/blog\\\/marketing-mediji\\\/sta-mozete-procitati-u-ovom-blogu\\\/#breadcrumb\"},\"inLanguage\":\"sr-RS\",\"potentialAction\":[{\"@type\":\"ReadAction\",\"target\":[\"https:\\\/\\\/mediaplannerblog.com\\\/blog\\\/marketing-mediji\\\/sta-mozete-procitati-u-ovom-blogu\\\/\"]}]},{\"@type\":\"ImageObject\",\"inLanguage\":\"sr-RS\",\"@id\":\"https:\\\/\\\/mediaplannerblog.com\\\/blog\\\/marketing-mediji\\\/sta-mozete-procitati-u-ovom-blogu\\\/#primaryimage\",\"url\":\"https:\\\/\\\/mediaplannerblog.com\\\/wp-content\\\/uploads\\\/2020\\\/11\\\/coffee_notebook_glasses_laptop.jpg\",\"contentUrl\":\"https:\\\/\\\/mediaplannerblog.com\\\/wp-content\\\/uploads\\\/2020\\\/11\\\/coffee_notebook_glasses_laptop.jpg\",\"width\":1200,\"height\":600,\"caption\":\"solja-sa-kafom-sveska-naocare-olovka-laptop | mediaplannerblog.com\"},{\"@type\":\"BreadcrumbList\",\"@id\":\"https:\\\/\\\/mediaplannerblog.com\\\/blog\\\/marketing-mediji\\\/sta-mozete-procitati-u-ovom-blogu\\\/#breadcrumb\",\"itemListElement\":[{\"@type\":\"ListItem\",\"position\":1,\"name\":\"Naslovna\",\"item\":\"https:\\\/\\\/mediaplannerblog.com\\\/\"},{\"@type\":\"ListItem\",\"position\":2,\"name\":\"Marketing &amp; Mediji\",\"item\":\"https:\\\/\\\/mediaplannerblog.com\\\/kategorija\\\/marketing-mediji\\\/\"},{\"@type\":\"ListItem\",\"position\":3,\"name\":\"\u0160ta mo\u017eete pro\u010ditati u ovom blogu?\"}]},{\"@type\":\"WebSite\",\"@id\":\"https:\\\/\\\/mediaplannerblog.com\\\/#website\",\"url\":\"https:\\\/\\\/mediaplannerblog.com\\\/\",\"name\":\"mediaplannerblog\",\"description\":\"Blog o osnovama marketinga i na\u010dinu na koji funkcioni\u0161u mediji. Sve ono \u0161to vas zanima o digitalnom marketingu, SEM, SEO, Google Analytics, kao i offline medijima\",\"publisher\":{\"@id\":\"https:\\\/\\\/mediaplannerblog.com\\\/#organization\"},\"potentialAction\":[{\"@type\":\"SearchAction\",\"target\":{\"@type\":\"EntryPoint\",\"urlTemplate\":\"https:\\\/\\\/mediaplannerblog.com\\\/?s={search_term_string}\"},\"query-input\":{\"@type\":\"PropertyValueSpecification\",\"valueRequired\":true,\"valueName\":\"search_term_string\"}}],\"inLanguage\":\"sr-RS\"},{\"@type\":\"Organization\",\"@id\":\"https:\\\/\\\/mediaplannerblog.com\\\/#organization\",\"name\":\"MEDIAPLANNERBLOG\",\"url\":\"https:\\\/\\\/mediaplannerblog.com\\\/\",\"logo\":{\"@type\":\"ImageObject\",\"inLanguage\":\"sr-RS\",\"@id\":\"https:\\\/\\\/mediaplannerblog.com\\\/#\\\/schema\\\/logo\\\/image\\\/\",\"url\":\"https:\\\/\\\/mediaplannerblog.com\\\/wp-content\\\/uploads\\\/2020\\\/11\\\/9-prema-16-full-HD.png\",\"contentUrl\":\"https:\\\/\\\/mediaplannerblog.com\\\/wp-content\\\/uploads\\\/2020\\\/11\\\/9-prema-16-full-HD.png\",\"width\":4501,\"height\":8001,\"caption\":\"MEDIAPLANNERBLOG\"},\"image\":{\"@id\":\"https:\\\/\\\/mediaplannerblog.com\\\/#\\\/schema\\\/logo\\\/image\\\/\"},\"sameAs\":[\"https:\\\/\\\/www.facebook.com\\\/mediaplannerblog\",\"https:\\\/\\\/www.instagram.com\\\/mediaplannerblog\\\/\"]},{\"@type\":\"Person\",\"@id\":\"https:\\\/\\\/mediaplannerblog.com\\\/#\\\/schema\\\/person\\\/5267fa2389bb40589f258fec320c5ace\",\"name\":\"Predrag Aran\u0111elovi\u0107\",\"image\":{\"@type\":\"ImageObject\",\"inLanguage\":\"sr-RS\",\"@id\":\"https:\\\/\\\/secure.gravatar.com\\\/avatar\\\/b373c93277231ce9c7b6274011649b73333011ab9bce3bc28682f2bf18c5bf74?s=96&d=retro&r=g\",\"url\":\"https:\\\/\\\/secure.gravatar.com\\\/avatar\\\/b373c93277231ce9c7b6274011649b73333011ab9bce3bc28682f2bf18c5bf74?s=96&d=retro&r=g\",\"contentUrl\":\"https:\\\/\\\/secure.gravatar.com\\\/avatar\\\/b373c93277231ce9c7b6274011649b73333011ab9bce3bc28682f2bf18c5bf74?s=96&d=retro&r=g\",\"caption\":\"Predrag Aran\u0111elovi\u0107\"},\"sameAs\":[\"http:\\\/\\\/mediaplannerblog.com\",\"https:\\\/\\\/www.facebook.com\\\/pedja1904\\\/\",\"https:\\\/\\\/www.instagram.com\\\/pedja1904\\\/\",\"https:\\\/\\\/www.linkedin.com\\\/in\\\/predrag-arandjelovic\\\/\",\"https:\\\/\\\/x.com\\\/pedja1904\"]}]}<\/script>\n<!-- \/ Yoast SEO plugin. -->","yoast_head_json":{"title":"\u0160ta mo\u017eete pro\u010ditati u ovom blogu? - mediaplannerblog","description":"Dobrodo\u0161li u mediaplannerblog! Blog namenjen svima onima koje zanimaju mediji, ogla\u0161avanje, marketing i ecommerce.","robots":{"index":"noindex","follow":"nofollow"},"og_locale":"sr_RS","og_type":"article","og_title":"\u0160ta mo\u017eete pro\u010ditati u ovom blogu? - mediaplannerblog","og_description":"Dobrodo\u0161li u mediaplannerblog! Blog namenjen svima onima koje zanimaju mediji, ogla\u0161avanje, marketing i ecommerce.","og_url":"https:\/\/mediaplannerblog.com\/sr\/blog\/marketing-mediji\/sta-mozete-procitati-u-ovom-blogu\/","og_site_name":"mediaplannerblog","article_publisher":"https:\/\/www.facebook.com\/mediaplannerblog","article_author":"https:\/\/www.facebook.com\/pedja1904\/","article_published_time":"2020-11-21T22:12:23+00:00","article_modified_time":"2023-08-05T07:50:11+00:00","og_image":[{"width":1200,"height":600,"url":"https:\/\/mediaplannerblog.com\/wp-content\/uploads\/2020\/11\/coffee_notebook_glasses_laptop.jpg","type":"image\/jpeg"}],"author":"Predrag Aran\u0111elovi\u0107","twitter_card":"summary_large_image","twitter_title":"\u0160ta mo\u017eete pro\u010ditati u ovom blogu? - mediaplannerblog","twitter_description":"Dobrodo\u0161li u mediaplannerblog! Blog namenjen svima onima koje zanimaju mediji, ogla\u0161avanje, marketing i ecommerce.","twitter_image":"https:\/\/mediaplannerblog.com\/wp-content\/uploads\/2020\/11\/coffee_notebook_glasses_laptop.jpg","twitter_creator":"@pedja1904","twitter_misc":{"\u041d\u0430\u043f\u0438\u0441\u0430\u043d\u043e \u043e\u0434":"Predrag Aran\u0111elovi\u0107","\u041f\u0440\u043e\u0446\u0435\u045a\u0435\u043d\u043e \u0432\u0440\u0435\u043c\u0435 \u0447\u0438\u0442\u0430\u045a\u0430":"2 \u043c\u0438\u043d\u0443\u0442\u0430"},"schema":{"@context":"https:\/\/schema.org","@graph":[{"@type":"Article","@id":"https:\/\/mediaplannerblog.com\/blog\/marketing-mediji\/sta-mozete-procitati-u-ovom-blogu\/#article","isPartOf":{"@id":"https:\/\/mediaplannerblog.com\/blog\/marketing-mediji\/sta-mozete-procitati-u-ovom-blogu\/"},"author":{"name":"Predrag Aran\u0111elovi\u0107","@id":"https:\/\/mediaplannerblog.com\/#\/schema\/person\/5267fa2389bb40589f258fec320c5ace"},"headline":"\u0160ta mo\u017eete pro\u010ditati u ovom blogu?","datePublished":"2020-11-21T22:12:23+00:00","dateModified":"2023-08-05T07:50:11+00:00","mainEntityOfPage":{"@id":"https:\/\/mediaplannerblog.com\/blog\/marketing-mediji\/sta-mozete-procitati-u-ovom-blogu\/"},"wordCount":525,"publisher":{"@id":"https:\/\/mediaplannerblog.com\/#organization"},"image":{"@id":"https:\/\/mediaplannerblog.com\/blog\/marketing-mediji\/sta-mozete-procitati-u-ovom-blogu\/#primaryimage"},"thumbnailUrl":"https:\/\/mediaplannerblog.com\/wp-content\/uploads\/2020\/11\/coffee_notebook_glasses_laptop.jpg","articleSection":["Marketing &amp; Mediji","Uncategorized"],"inLanguage":"sr-RS"},{"@type":"WebPage","@id":"https:\/\/mediaplannerblog.com\/blog\/marketing-mediji\/sta-mozete-procitati-u-ovom-blogu\/","url":"https:\/\/mediaplannerblog.com\/blog\/marketing-mediji\/sta-mozete-procitati-u-ovom-blogu\/","name":"\u0160ta mo\u017eete pro\u010ditati u ovom blogu? - mediaplannerblog","isPartOf":{"@id":"https:\/\/mediaplannerblog.com\/#website"},"primaryImageOfPage":{"@id":"https:\/\/mediaplannerblog.com\/blog\/marketing-mediji\/sta-mozete-procitati-u-ovom-blogu\/#primaryimage"},"image":{"@id":"https:\/\/mediaplannerblog.com\/blog\/marketing-mediji\/sta-mozete-procitati-u-ovom-blogu\/#primaryimage"},"thumbnailUrl":"https:\/\/mediaplannerblog.com\/wp-content\/uploads\/2020\/11\/coffee_notebook_glasses_laptop.jpg","datePublished":"2020-11-21T22:12:23+00:00","dateModified":"2023-08-05T07:50:11+00:00","description":"Dobrodo\u0161li u mediaplannerblog! Blog namenjen svima onima koje zanimaju mediji, ogla\u0161avanje, marketing i ecommerce.","breadcrumb":{"@id":"https:\/\/mediaplannerblog.com\/blog\/marketing-mediji\/sta-mozete-procitati-u-ovom-blogu\/#breadcrumb"},"inLanguage":"sr-RS","potentialAction":[{"@type":"ReadAction","target":["https:\/\/mediaplannerblog.com\/blog\/marketing-mediji\/sta-mozete-procitati-u-ovom-blogu\/"]}]},{"@type":"ImageObject","inLanguage":"sr-RS","@id":"https:\/\/mediaplannerblog.com\/blog\/marketing-mediji\/sta-mozete-procitati-u-ovom-blogu\/#primaryimage","url":"https:\/\/mediaplannerblog.com\/wp-content\/uploads\/2020\/11\/coffee_notebook_glasses_laptop.jpg","contentUrl":"https:\/\/mediaplannerblog.com\/wp-content\/uploads\/2020\/11\/coffee_notebook_glasses_laptop.jpg","width":1200,"height":600,"caption":"solja-sa-kafom-sveska-naocare-olovka-laptop | mediaplannerblog.com"},{"@type":"BreadcrumbList","@id":"https:\/\/mediaplannerblog.com\/blog\/marketing-mediji\/sta-mozete-procitati-u-ovom-blogu\/#breadcrumb","itemListElement":[{"@type":"ListItem","position":1,"name":"Naslovna","item":"https:\/\/mediaplannerblog.com\/"},{"@type":"ListItem","position":2,"name":"Marketing &amp; Mediji","item":"https:\/\/mediaplannerblog.com\/kategorija\/marketing-mediji\/"},{"@type":"ListItem","position":3,"name":"\u0160ta mo\u017eete pro\u010ditati u ovom blogu?"}]},{"@type":"WebSite","@id":"https:\/\/mediaplannerblog.com\/#website","url":"https:\/\/mediaplannerblog.com\/","name":"mediaplannerblog","description":"Blog o osnovama marketinga i na\u010dinu na koji funkcioni\u0161u mediji. Sve ono \u0161to vas zanima o digitalnom marketingu, SEM, SEO, Google Analytics, kao i offline medijima","publisher":{"@id":"https:\/\/mediaplannerblog.com\/#organization"},"potentialAction":[{"@type":"SearchAction","target":{"@type":"EntryPoint","urlTemplate":"https:\/\/mediaplannerblog.com\/?s={search_term_string}"},"query-input":{"@type":"PropertyValueSpecification","valueRequired":true,"valueName":"search_term_string"}}],"inLanguage":"sr-RS"},{"@type":"Organization","@id":"https:\/\/mediaplannerblog.com\/#organization","name":"MEDIAPLANNERBLOG","url":"https:\/\/mediaplannerblog.com\/","logo":{"@type":"ImageObject","inLanguage":"sr-RS","@id":"https:\/\/mediaplannerblog.com\/#\/schema\/logo\/image\/","url":"https:\/\/mediaplannerblog.com\/wp-content\/uploads\/2020\/11\/9-prema-16-full-HD.png","contentUrl":"https:\/\/mediaplannerblog.com\/wp-content\/uploads\/2020\/11\/9-prema-16-full-HD.png","width":4501,"height":8001,"caption":"MEDIAPLANNERBLOG"},"image":{"@id":"https:\/\/mediaplannerblog.com\/#\/schema\/logo\/image\/"},"sameAs":["https:\/\/www.facebook.com\/mediaplannerblog","https:\/\/www.instagram.com\/mediaplannerblog\/"]},{"@type":"Person","@id":"https:\/\/mediaplannerblog.com\/#\/schema\/person\/5267fa2389bb40589f258fec320c5ace","name":"Predrag Aran\u0111elovi\u0107","image":{"@type":"ImageObject","inLanguage":"sr-RS","@id":"https:\/\/secure.gravatar.com\/avatar\/b373c93277231ce9c7b6274011649b73333011ab9bce3bc28682f2bf18c5bf74?s=96&d=retro&r=g","url":"https:\/\/secure.gravatar.com\/avatar\/b373c93277231ce9c7b6274011649b73333011ab9bce3bc28682f2bf18c5bf74?s=96&d=retro&r=g","contentUrl":"https:\/\/secure.gravatar.com\/avatar\/b373c93277231ce9c7b6274011649b73333011ab9bce3bc28682f2bf18c5bf74?s=96&d=retro&r=g","caption":"Predrag Aran\u0111elovi\u0107"},"sameAs":["http:\/\/mediaplannerblog.com","https:\/\/www.facebook.com\/pedja1904\/","https:\/\/www.instagram.com\/pedja1904\/","https:\/\/www.linkedin.com\/in\/predrag-arandjelovic\/","https:\/\/x.com\/pedja1904"]}]}},"featured_image_src":"https:\/\/mediaplannerblog.com\/wp-content\/uploads\/2020\/11\/coffee_notebook_glasses_laptop.jpg","featured_image_src_square":"https:\/\/mediaplannerblog.com\/wp-content\/uploads\/2020\/11\/coffee_notebook_glasses_laptop.jpg","author_info":{"display_name":"Predrag Aran\u0111elovi\u0107","author_link":"https:\/\/mediaplannerblog.com\/sr\/blog\/author\/pedja1904\/"},"_links":{"self":[{"href":"https:\/\/mediaplannerblog.com\/sr\/wp-json\/wp\/v2\/posts\/531","targetHints":{"allow":["GET"]}}],"collection":[{"href":"https:\/\/mediaplannerblog.com\/sr\/wp-json\/wp\/v2\/posts"}],"about":[{"href":"https:\/\/mediaplannerblog.com\/sr\/wp-json\/wp\/v2\/types\/post"}],"author":[{"embeddable":true,"href":"https:\/\/mediaplannerblog.com\/sr\/wp-json\/wp\/v2\/users\/2"}],"replies":[{"embeddable":true,"href":"https:\/\/mediaplannerblog.com\/sr\/wp-json\/wp\/v2\/comments?post=531"}],"version-history":[{"count":5,"href":"https:\/\/mediaplannerblog.com\/sr\/wp-json\/wp\/v2\/posts\/531\/revisions"}],"predecessor-version":[{"id":2216,"href":"https:\/\/mediaplannerblog.com\/sr\/wp-json\/wp\/v2\/posts\/531\/revisions\/2216"}],"wp:featuredmedia":[{"embeddable":true,"href":"https:\/\/mediaplannerblog.com\/sr\/wp-json\/wp\/v2\/media\/522"}],"wp:attachment":[{"href":"https:\/\/mediaplannerblog.com\/sr\/wp-json\/wp\/v2\/media?parent=531"}],"wp:term":[{"taxonomy":"category","embeddable":true,"href":"https:\/\/mediaplannerblog.com\/sr\/wp-json\/wp\/v2\/categories?post=531"},{"taxonomy":"post_tag","embeddable":true,"href":"https:\/\/mediaplannerblog.com\/sr\/wp-json\/wp\/v2\/tags?post=531"}],"curies":[{"name":"wp","href":"https:\/\/api.w.org\/{rel}","templated":true}]}}